{"id":28561,"date":"2019-07-01T09:21:17","date_gmt":"2019-07-01T09:21:17","guid":{"rendered":"https:\/\/advancedmediainstitute.com\/journalism-and-education\/"},"modified":"2020-07-07T15:30:56","modified_gmt":"2020-07-07T15:30:56","slug":"journalism-and-education","status":"publish","type":"post","link":"https:\/\/advancedmediainstitute.com\/en\/journalism-and-education\/","title":{"rendered":"Journalism and Education"},"content":{"rendered":"<div class=\"wpb-content-wrapper\"><p>[vc_row][vc_column][vc_column_text]<br \/>\n<span style=\"font-weight: 400;\">Independent research project lead by <\/span><b>Sofia Iordanidou<\/b><span style=\"font-weight: 400;\"> and <\/span><b>Lida Tsene<\/b><span style=\"font-weight: 400;\">.\u00a0<\/span><\/p>\n<p><span style=\"font-weight: 400;\">The research focused on the shift from traditional to digital media and communication. The basic research questions concerned not only the operational models of Media, but also the uprising needs of journalistic profession itself. The dissemination of innovative knowledge and attitudes, the need for continuous training and re-training of journalists who have lost their jobs in related areas of communication, are extremely important issues. What is the role of distance education? What are the new organizational <\/span><span style=\"font-weight: 400;\">models for media? \u00a0What are the dissemination procedures that can be and are followed? We also apply to the research project the experience coming from the perennial operation of the MA Communication and new Journalism of OUC.<\/span><\/p>\n<p><span style=\"font-weight: 400;\">Upon completion of the qualitative and quantitative research phase, aimed to investigate the skills needed by journalists today, in order to meeting the challenges of the new era (economic crisis, the digital age, etc.), as well as the role of distance education and the need to redefine journalistic curricula.<\/span><br \/>\n[\/vc_column_text][vc_tta_accordion style=&#8221;modern&#8221; active_section=&#8221;-&#8221; collapsible_all=&#8221;true&#8221; css=&#8221;.vc_custom_1562836390238{padding-bottom: 25px !important;}&#8221;][vc_tta_section title=&#8221;1. Presentations at Scientific Conferences \u2013 Reporting Research Findings&#8221; tab_id=&#8221;1562160898599-aacb8da9-c2f0&#8243;][vc_column_text]<\/p>\n<ul>\n<li><span style=\"font-weight: 400;\">Tsene, L. &amp; Iordanidou, S. (2019) <\/span><b>Redefining Journalism: Practicing and Teaching Journalism in Greece today.<\/b><b><i>\u00a0 <\/i><\/b><span style=\"font-weight: 400;\">Presentation at the <\/span><i><span style=\"font-weight: 400;\">5th World Journalism Education Congress<\/span><\/i><span style=\"font-weight: 400;\">.<\/span> <span style=\"font-weight: 400;\">(Paris, 9-12 July)<\/span><span style=\"font-weight: 400;\"><br \/>\n<\/span><\/li>\n<li><span style=\"font-weight: 400;\">Tsene, L. &amp; Iordanidou, S. (2019) <\/span><b>What is in a name? The quest of defining journalism. <\/b><span style=\"font-weight: 400;\">Presentation at the <\/span><i><span style=\"font-weight: 400;\">15<\/span><\/i><i><span style=\"font-weight: 400;\">th<\/span><\/i><i><span style=\"font-weight: 400;\"> Conference of the Global Communication Association<\/span><\/i><span style=\"font-weight: 400;\"> entitled <\/span><i><span style=\"font-weight: 400;\">Media,<\/span><\/i> <i><span style=\"font-weight: 400;\">Politics, Migration, and Education in the Digital Age<\/span><\/i><span style=\"font-weight: 400;\">. (Athens, 12 May)<\/span><\/li>\n<li><span style=\"font-weight: 400;\">Tsene, L. &amp; Iordanidou, S. (2018) <\/span><b>Journalism in crisis: trends and perceptions in Greece and Cyprus. A new paradigm for critical journalism<\/b><span style=\"font-weight: 400;\">. Presentation at the Conference<\/span> <i><span style=\"font-weight: 400;\">Media, Polis, Agora: Journalism &amp; Communication in the digital era<\/span><\/i><span style=\"font-weight: 400;\"> organized in the framework of AMIRetreat2018. (Thessaloniki, 27-29 September)<\/span><\/li>\n<li>Iordanidou, S. &amp; Tsene L. (2017).\u00a0<strong>\u201cBringing together academic and professional demands in journalism training. The case of Greece and Cyprus\u201d.<\/strong> Presentation at the \u201cJournalism Education Across Borders\u201d Conference, co-organized by the European Journalism Training Association\u2019s Teachers\u2019 Conference 2017 &amp; the International Media Readings in Moscow \u201cMass Media and Communications \u2013 2017\u201d (Moscow, October 19\u201320)<\/li>\n<li><span style=\"font-weight: 400;\">Iordanidou, S. &amp;\u00a0Tsene, L. (2016) <\/span><b>New skills for contemporary journalists in the era of crisis. The case of Greece.<\/b><span style=\"font-weight: 400;\">\u00a0 Presentation at the <\/span><i><span style=\"font-weight: 400;\">6th European Communication Conference <\/span><\/i><span style=\"font-weight: 400;\">entitled <\/span><i><span style=\"font-weight: 400;\">Mediated (Dis) Continuities: Contesting Pasts, Presents and Futures<\/span><\/i><span style=\"font-weight: 400;\"> \u03c0\u03bf\u03c5 \u03b4\u03b9\u03bf\u03c1\u03b3\u03ac\u03bd\u03c9\u03c3\u03b5 \u03bf ECREA. (\u03a0\u03c1\u03ac\u03b3\u03b1, 9-12 \u039d\u03bf\u03b5\u03bc\u03b2\u03c1\u03af\u03bf\u03c5)<\/span><\/li>\n<li><span style=\"font-weight: 400;\">Iordanidou, S. (2016)\u00a0<\/span><b>Journalism: Science, Art or Craft? Ontological Perspectives and Normative Considerations in an Era of Crisis<\/b><span style=\"font-weight: 400;\">. Presentation at the international conference <\/span><i><span style=\"font-weight: 400;\">Digital journalism: solution to the media crisis?<\/span><\/i><span style=\"font-weight: 400;\"> co-organized by the Postgraduate Program \u201cCommunication and New Journalism\u201d OUC, Advanced Media Institute and Secretariat General of Information &amp; Communication. (Athens, September 21-23).<\/span><\/li>\n<li><span style=\"font-weight: 400;\">Tsene, L. (2016)\u00a0<\/span><b>From Media Crisis to Social Media.<\/b><span style=\"font-weight: 400;\">\u00a0Presentation at the international conference \u201cDigital journalism: solution to the media crisis?\u201d co-organized by the Postgraduate Program \u201cCommunication and New Journalism\u201d OUC, Advanced Media Institute and Secretariat General of Information &amp; Communication. (Athens, September 21-23).<\/span><\/li>\n<li><span style=\"font-weight: 400;\">Iordanidou, S., Tsene, L. &amp; Kyritsis, M. (2016)<\/span><b>\u00a0New Learning Skills for Journalists in the Digital Era Through Open and E-learning Platforms: the Case of Greece and Cyprus.\u00a0<\/b><span style=\"font-weight: 400;\">Presentation at the international conference\u00a0<\/span><i><span style=\"font-weight: 400;\">M\u00e9dias Num\u00e9riques &amp; Communication \u00c9lectronique<\/span><\/i><span style=\"font-weight: 400;\"> organized by the University of Havre. (Havre, France, June 1-3).<\/span><\/li>\n<li><span style=\"font-weight: 400;\">Iordanidou, S. &amp; Tsene, L. (2015)\u00a0<\/span><b>Shaping a New Curriculum for Journalism Studies; Preliminary Findings<\/b><span style=\"font-weight: 400;\">. Presentation at the <\/span><i><span style=\"font-weight: 400;\">13<\/span><\/i><i><span style=\"font-weight: 400;\">th<\/span><\/i><i><span style=\"font-weight: 400;\">\u00a0Annual International Conference on Communication and Media<\/span><\/i><span style=\"font-weight: 400;\"> organized by ATINER. (Athens, May 11-14).<\/span><\/li>\n<li><span style=\"font-weight: 400;\">Iordanidou, S. &amp; Tsene, L. (2014)\u00a0<\/span><b>The Role of Distance Learning Institutions in the Hybridization of the News-making Process with the Web-based Technologies: A Qualitative Analysis of Journalists\u2019 Perspectives. <\/b><span style=\"font-weight: 400;\">Presentation at the <\/span><i><span style=\"font-weight: 400;\">12<\/span><\/i><i><span style=\"font-weight: 400;\">th<\/span><\/i><i><span style=\"font-weight: 400;\">\u00a0Annual International Conference on Communication and Mass Media<\/span><\/i><span style=\"font-weight: 400;\"> organized by ATINER. (Athens, May 12-15).<\/span><\/li>\n<li><span style=\"font-weight: 400;\">Iordanidou, S. &amp; Tsene, L. (2014)\u00a0<\/span><b>Developing Life Long Learning in a Field Undergoing a Paradigmatic Shift: The Role of Distance Learning Institutions and the Crisis of Journalism.<\/b><span style=\"font-weight: 400;\">\u00a0Presentation at the Annual International Conference\u00a0<\/span><i><span style=\"font-weight: 400;\">Journalism in Transition: Crisis or Opportunity<\/span><\/i><span style=\"font-weight: 400;\"> organized by ECREA. (Thessaloniki\/Greece, March 28-29).<\/span><\/li>\n<li><span style=\"font-weight: 400;\">Iordanidou, S. (2011)\u00a0<\/span><b>\u201cSetting up a Media Lab to Facilitate Lifelong Learning of Journalists; Developing Lifelong Learning in a Field Undergoing a Paradigmatic Shift\u201d.<\/b><span style=\"font-weight: 400;\">\u00a0Presentation at the\u00a0<\/span><i><span style=\"font-weight: 400;\">EADTU Annual Conference 2011: Universities and Regional Development in an Open Knowledge Society; Sharing Innovation and Knowledge in European universities<\/span><\/i><span style=\"font-weight: 400;\"> organized by EADTU. (Eski\u015fehir\/Turkey, November 3-4).<\/span><\/li>\n<\/ul>\n<p>[\/vc_column_text][\/vc_tta_section][vc_tta_section title=&#8221;2.  Publications in Edited Volumes and Peer-Reviewed Journals&#8221; tab_id=&#8221;1562160898624-34b0364e-e4cd&#8221;][vc_column_text]<\/p>\n<ul>\n<li style=\"font-weight: 400;\"><span style=\"font-weight: 400;\">Iordanidou, S., Tsene, L. &amp; Kyritsis, M, (2016)\u00a0<\/span><b>New learning skills for journalists in the digital era through open and e-learning platforms: the case of Greece and Cyprus\u201d,\u00a0<\/b><span style=\"font-weight: 400;\">in the collective volume <\/span><i><span style=\"font-weight: 400;\">Medias Numeriques &amp; Communications \u0395lectronique,<\/span><\/i><span style=\"font-weight: 400;\"> 4<\/span><span style=\"font-weight: 400;\">th<\/span><span style=\"font-weight: 400;\">\u00a0International Conference Universit\u00e9 du Havre, Actes du Colloque International, pp. 305-315.<\/span><\/li>\n<li style=\"font-weight: 400;\"><span style=\"font-weight: 400;\">Tsene, L. (2015) <\/span><b>Digital Media, Social Networks &amp; the Changing Face of Journalism<\/b><span style=\"font-weight: 400;\"> Book Chapter at UNESCO Series on Journalism Education <\/span><i><span style=\"font-weight: 400;\">Teaching Journalism for Sustainable Development \u2013 Model Curricula For Journalism Education,<\/span><\/i><span style=\"font-weight: 400;\"> UNESCO, pp.107-124<\/span><\/li>\n<li style=\"font-weight: 400;\"><span style=\"font-weight: 400;\">Iordanidou, S. &amp; Tsene, L. (2014) <\/span><b>The Role of Distance Learning in Journalism: Preliminary Findings from Journalists\u2019 Perspectives\u00a0<\/b><i><span style=\"font-weight: 400;\">Media Studies<\/span><\/i><span style=\"font-weight: 400;\">, Vol. 9 pp.43-60.<\/span><a href=\"http:\/\/hrcak.srce.hr\/index.php?show=clanak&amp;id_clanak_jezik=188577%2525C2%2525A0\"><span style=\"font-weight: 400;\">\u00a0Available at\u00a0http:\/\/hrcak.srce.hr\/index.php?show=clanak&amp;id_clanak_jezik=188577<\/span><\/a><\/li>\n<li style=\"font-weight: 400;\"><span style=\"font-weight: 400;\">\u00a0Iordanidou, S. (2012)\u00a0<\/span><b>Setting up a Media Lab to Facilitate Lifelong Learning of Journalists; Developing Lifelong Learning in a Field Undergoing a Paradigmatic Shift <\/b><span style=\"font-weight: 400;\">in the collective volume <\/span><i><span style=\"font-weight: 400;\">Proceedings EADTU Annual Conference<\/span><\/i><span style=\"font-weight: 400;\">. Available at:\u00a0<\/span><a href=\"http:\/\/www.academia.edu\/7495618\/Practices_of_European_Quality_Assurance_and_Accreditation_Agencies_for_the_Evaluation_of_Distance_Education_Settings\"><span style=\"font-weight: 400;\">http:\/\/www.academia.edu\/7495618\/Practices_of_European_Quality_Assurance_and_Accreditation_Agencies_for_the_Evaluation_of_Distance_Education_Settings<\/span><\/a><\/li>\n<\/ul>\n<p>[\/vc_column_text][\/vc_tta_section][\/vc_tta_accordion][\/vc_column][\/vc_row][vc_row el_class=&#8221;paypaldonation&#8221;][vc_column][vc_raw_html]W2RvX3dpZGdldCBpZD1jdXN0b21faHRtbC0zXQ==[\/vc_raw_html][\/vc_column][\/vc_row]<\/p>\n<\/div>","protected":false},"excerpt":{"rendered":"<p>[vc_row][vc_column][vc_column_text] Independent research project lead by Sofia Iordanidou and Lida Tsene.\u00a0 The research focused on the shift from traditional to digital media and communication. The basic research questions concerned not only the operational models of Media, but also the uprising needs of journalistic profession itself. The dissemination of innovative knowledge and attitudes, the need for&hellip;<\/p>\n","protected":false},"author":2,"featured_media":27702,"comment_status":"open","ping_status":"open","sticky":false,"template":"","format":"standard","meta":{"footnotes":""},"categories":[16],"tags":[206],"class_list":{"0":"post-28561","1":"post","2":"type-post","3":"status-publish","4":"format-standard","5":"has-post-thumbnail","6":"hentry","7":"category-16","8":"tag-206","10":"description-off"},"_links":{"self":[{"href":"https:\/\/advancedmediainstitute.com\/en\/wp-json\/wp\/v2\/posts\/28561","targetHints":{"allow":["GET"]}}],"collection":[{"href":"https:\/\/advancedmediainstitute.com\/en\/wp-json\/wp\/v2\/posts"}],"about":[{"href":"https:\/\/advancedmediainstitute.com\/en\/wp-json\/wp\/v2\/types\/post"}],"author":[{"embeddable":true,"href":"https:\/\/advancedmediainstitute.com\/en\/wp-json\/wp\/v2\/users\/2"}],"replies":[{"embeddable":true,"href":"https:\/\/advancedmediainstitute.com\/en\/wp-json\/wp\/v2\/comments?post=28561"}],"version-history":[{"count":3,"href":"https:\/\/advancedmediainstitute.com\/en\/wp-json\/wp\/v2\/posts\/28561\/revisions"}],"predecessor-version":[{"id":29221,"href":"https:\/\/advancedmediainstitute.com\/en\/wp-json\/wp\/v2\/posts\/28561\/revisions\/29221"}],"wp:featuredmedia":[{"embeddable":true,"href":"https:\/\/advancedmediainstitute.com\/en\/wp-json\/wp\/v2\/media\/27702"}],"wp:attachment":[{"href":"https:\/\/advancedmediainstitute.com\/en\/wp-json\/wp\/v2\/media?parent=28561"}],"wp:term":[{"taxonomy":"category","embeddable":true,"href":"https:\/\/advancedmediainstitute.com\/en\/wp-json\/wp\/v2\/categories?post=28561"},{"taxonomy":"post_tag","embeddable":true,"href":"https:\/\/advancedmediainstitute.com\/en\/wp-json\/wp\/v2\/tags?post=28561"}],"curies":[{"name":"wp","href":"https:\/\/api.w.org\/{rel}","templated":true}]}}